{"id":26018688,"date":"2021-01-16T12:29:08","date_gmt":"2021-01-16T10:29:08","guid":{"rendered":"https:\/\/fundacionernestoventos.org\/lentamente-un-olor-en-el-fondo-de-tu-mirada\/"},"modified":"2024-08-07T08:20:50","modified_gmt":"2024-08-07T06:20:50","slug":"lentamente-un-olor-en-el-fondo-de-tu-mirada","status":"publish","type":"post","link":"https:\/\/fundacionernestoventos.org\/ca\/lentamente-un-olor-en-el-fondo-de-tu-mirada\/","title":{"rendered":"Lentamente un olor en el fondo de tu mirada"},"content":{"rendered":"<p>[et_pb_section fb_built=&#8221;1&#8243; _builder_version=&#8221;4.24.0&#8243; width=&#8221;100%&#8221; max_width=&#8221;1366px&#8221; custom_margin=&#8221;||||false|false&#8221; custom_padding=&#8221;||||false|false&#8221; global_colors_info=&#8221;{}&#8221;][et_pb_row _builder_version=&#8221;4.24.0&#8243; background_size=&#8221;initial&#8221; background_position=&#8221;top_left&#8221; background_repeat=&#8221;repeat&#8221; width=&#8221;100%&#8221; max_width=&#8221;1366px&#8221; global_colors_info=&#8221;{}&#8221;][et_pb_column type=&#8221;4_4&#8243; _builder_version=&#8221;4.16&#8243; custom_padding=&#8221;|||&#8221; global_colors_info=&#8221;{}&#8221; custom_padding__hover=&#8221;|||&#8221;][et_pb_post_title author=&#8221;off&#8221; comments=&#8221;off&#8221; _builder_version=&#8221;4.22.1&#8243; _module_preset=&#8221;default&#8221; title_font=&#8221;Montserrat|700|||||||&#8221; title_text_align=&#8221;left&#8221; title_text_color=&#8221;#000000&#8243; title_font_size=&#8221;2em&#8221; meta_font=&#8221;Montserrat|300|||||||&#8221; meta_text_align=&#8221;right&#8221; meta_text_color=&#8221;#000000&#8243; meta_font_size=&#8221;1em&#8221; meta_line_height=&#8221;3em&#8221; custom_margin=&#8221;||||false|false&#8221; custom_padding=&#8221;||||false|false&#8221; global_colors_info=&#8221;{}&#8221;][\/et_pb_post_title][\/et_pb_column][\/et_pb_row][et_pb_row column_structure=&#8221;2_5,3_5&#8243; use_custom_gutter=&#8221;on&#8221; gutter_width=&#8221;2&#8243; make_equal=&#8221;on&#8221; _builder_version=&#8221;4.22.1&#8243; _module_preset=&#8221;default&#8221; global_colors_info=&#8221;{}&#8221;][et_pb_column type=&#8221;2_5&#8243; _builder_version=&#8221;4.22.1&#8243; _module_preset=&#8221;default&#8221; global_colors_info=&#8221;{}&#8221;][et_pb_image src=&#8221;https:\/\/fundacionernestoventos.org\/wp-content\/uploads\/2023\/08\/Lentamente.webp&#8221; title_text=&#8221;Lentamente&#8221; _builder_version=&#8221;4.22.1&#8243; _module_preset=&#8221;default&#8221; global_colors_info=&#8221;{}&#8221;][\/et_pb_image][\/et_pb_column][et_pb_column type=&#8221;3_5&#8243; _builder_version=&#8221;4.22.1&#8243; _module_preset=&#8221;default&#8221; global_colors_info=&#8221;{}&#8221;][et_pb_text _builder_version=&#8221;4.22.1&#8243; text_font=&#8221;Montserrat|300|||||||&#8221; text_text_color=&#8221;#000000&#8243; text_font_size=&#8221;1.2em&#8221; background_size=&#8221;initial&#8221; background_position=&#8221;top_left&#8221; background_repeat=&#8221;repeat&#8221; text_orientation=&#8221;justified&#8221; custom_margin=&#8221;0px||||false|false&#8221; global_colors_info=&#8221;{}&#8221;]<\/p>\n<p><strong><em>Lentamente un olor en el fondo de tu mirada<\/em><\/strong> es una exposici\u00f3n que se entiende como un cruce de miradas y sentidos. El primer cruce de mirada es el de la m\u00eda con las obras de colecci\u00f3n olorVISUAL y, por tanto, con la mirada misma de Ernesto Vent\u00f3s. Una mirada que no operaba sola: el olfato del coleccionista era lo que calibraba su predilecci\u00f3n por las obras. De este encuentro de miradas surge la selecci\u00f3n de obras que se presenta aqu\u00ed, ante vuestras miradas, como otro cruce. Una exposici\u00f3n que procura dar un posible sentido a una vasta colecci\u00f3n, construida y basada exclusivamente en los sentidos \u2013f\u00edsicos y conceptuales\u2013 y sentimientos de su fundador.<\/p>\n<p>La muestra est\u00e1 pensada en cuatro grandes \u00e1mbitos, partiendo todos de la visi\u00f3n y de la relaci\u00f3n entre la mirada y su objeto. Me interesa proponer lo visual para que el p\u00fablico llegue a ver las obras con otros sentidos, sobre todo el olfativo, ese sentido primario que no puede ser sustituido por una representaci\u00f3n para que tenga efecto sensorial. Los \u00e1mbitos de la exposici\u00f3n est\u00e1n definidos por los siguientes conceptos: visi\u00f3n negada y borrosa, visi\u00f3n del paisaje, visi\u00f3n de rostros y visi\u00f3n abstracta. Leyendo los textos que acompa\u00f1an cada obra de la colecci\u00f3n percibimos que hay mucho de memoria, de tiempo, de recuerdos olfativos y de im\u00e1genes evocadoras; de bosques, de lluvia y tierra mojada; de tener que recordar a oler y de pasados, algunos m\u00e1s remotos que otros. Pero m\u00e1s all\u00e1 de lo que nos proponen los artistas a la visi\u00f3n, \u00bfqu\u00e9 es lo que ves? M\u00e1s all\u00e1 de sus memorias olfativas, \u00bfqu\u00e9 hueles? Espero que al visitar la exposici\u00f3n, finalmente aparezca lentamente un olor en el fondo de tu mirada.<\/p>\n<p>Pedro Torres<\/p>\n<p>[\/et_pb_text][\/et_pb_column][\/et_pb_row][et_pb_row _builder_version=&#8221;4.22.1&#8243; _module_preset=&#8221;default&#8221; global_colors_info=&#8221;{}&#8221;][et_pb_column type=&#8221;4_4&#8243; _builder_version=&#8221;4.22.1&#8243; _module_preset=&#8221;default&#8221; global_colors_info=&#8221;{}&#8221;][et_pb_text admin_label=&#8221;T\u00edtulo: Galer\u00eda de Fotos y v\u00eddeos&#8221; _builder_version=&#8221;4.22.1&#8243; _module_preset=&#8221;default&#8221; text_font=&#8221;Montserrat|700|||||||&#8221; text_text_color=&#8221;#0D35E8&#8243; text_font_size=&#8221;1.5em&#8221; text_line_height=&#8221;1em&#8221; custom_padding=&#8221;||1vh||false|false&#8221; border_width_bottom=&#8221;1px&#8221; border_color_bottom=&#8221;#0D35E8&#8243; global_colors_info=&#8221;{}&#8221;]<\/p>\n<p>Galer\u00eda de fotos y videos<\/p>\n<p>[\/et_pb_text][dipi_masonry_gallery gallery_ids=&#8221;23944254,23944253,23944252,23944251,23944250,23944249,23944248,23944247,23944245&#8243; _builder_version=&#8221;4.22.1&#8243; _module_preset=&#8221;default&#8221; global_colors_info=&#8221;{}&#8221;][\/dipi_masonry_gallery][\/et_pb_column][\/et_pb_row][\/et_pb_section]<\/p>\n","protected":false},"excerpt":{"rendered":"<p>Lentamente un olor en el fondo de tu mirada es una exposici\u00f3n que se entiende como un cruce de miradas y sentidos. El primer cruce de mirada es el de la m\u00eda con las obras de colecci\u00f3n olorVISUAL y, por tanto, con la mirada misma de Ernesto Vent\u00f3s. Una mirada que no operaba sola: el [&hellip;]<\/p>\n","protected":false},"author":1,"featured_media":26018026,"comment_status":"open","ping_status":"open","sticky":false,"template":"","format":"standard","meta":{"_acf_changed":false,"give_campaign_id":0,"_et_pb_use_builder":"on","_et_pb_old_content":"<!-- wp:paragraph -->\r\n<p>Welcome to WordPress. This is your first post. Edit or delete it, then start writing!<\/p>\r\n<!-- \/wp:paragraph -->","_et_gb_content_width":"","footnotes":""},"categories":[42],"tags":[],"dipi_cpt_category":[],"class_list":["post-26018688","post","type-post","status-publish","format-standard","has-post-thumbnail","hentry","category-exposicions-ca"],"acf":[],"_links":{"self":[{"href":"https:\/\/fundacionernestoventos.org\/ca\/wp-json\/wp\/v2\/posts\/26018688","targetHints":{"allow":["GET"]}}],"collection":[{"href":"https:\/\/fundacionernestoventos.org\/ca\/wp-json\/wp\/v2\/posts"}],"about":[{"href":"https:\/\/fundacionernestoventos.org\/ca\/wp-json\/wp\/v2\/types\/post"}],"author":[{"embeddable":true,"href":"https:\/\/fundacionernestoventos.org\/ca\/wp-json\/wp\/v2\/users\/1"}],"replies":[{"embeddable":true,"href":"https:\/\/fundacionernestoventos.org\/ca\/wp-json\/wp\/v2\/comments?post=26018688"}],"version-history":[{"count":0,"href":"https:\/\/fundacionernestoventos.org\/ca\/wp-json\/wp\/v2\/posts\/26018688\/revisions"}],"wp:featuredmedia":[{"embeddable":true,"href":"https:\/\/fundacionernestoventos.org\/ca\/wp-json\/wp\/v2\/media\/26018026"}],"wp:attachment":[{"href":"https:\/\/fundacionernestoventos.org\/ca\/wp-json\/wp\/v2\/media?parent=26018688"}],"wp:term":[{"taxonomy":"category","embeddable":true,"href":"https:\/\/fundacionernestoventos.org\/ca\/wp-json\/wp\/v2\/categories?post=26018688"},{"taxonomy":"post_tag","embeddable":true,"href":"https:\/\/fundacionernestoventos.org\/ca\/wp-json\/wp\/v2\/tags?post=26018688"},{"taxonomy":"dipi_cpt_category","embeddable":true,"href":"https:\/\/fundacionernestoventos.org\/ca\/wp-json\/wp\/v2\/dipi_cpt_category?post=26018688"}],"curies":[{"name":"wp","href":"https:\/\/api.w.org\/{rel}","templated":true}]}}